{"id":228301,"date":"2026-07-02T10:32:21","date_gmt":"2026-07-02T10:32:21","guid":{"rendered":"https:\/\/aldeco.pt\/?post_type=press&#038;p=228301"},"modified":"2026-07-02T10:49:41","modified_gmt":"2026-07-02T10:49:41","slug":"aldeco-apresenta-a-colecao-veva-ii-na-interihotel-2026","status":"publish","type":"press","link":"https:\/\/staging.aldeco.pt\/pt-pt\/press\/aldeco-apresenta-a-colecao-veva-ii-na-interihotel-2026\/","title":{"rendered":"Aldeco apresenta a cole\u00e7\u00e3o VEVA II na INTERIHOTEL 2026"},"content":{"rendered":"<p><span style=\"font-weight: 400;\">VEVA II | A New Light, a mais recente cole\u00e7\u00e3o da Aldeco, estar\u00e1 em destaque na Interihotel 2026, que decorre entre os dias 17 e 19 de novembro, no IFEMA Madrid. A participa\u00e7\u00e3o da marca permitir\u00e1 dar a conhecer a cole\u00e7\u00e3o a arquitetos, designers de interiores e diferentes profissionais do setor da hotelaria.<\/span><\/p>\n<h2><span style=\"font-weight: 400;\">VEVA II | A New Light<\/span><\/h2>\n<p><span style=\"font-weight: 400;\">A cole\u00e7\u00e3o VEVA II | A New Light revisita a figura de Veva de Lima, escritora e <\/span><i><span style=\"font-weight: 400;\">socialite<\/span><\/i><span style=\"font-weight: 400;\"> portuguesa que se destacou na sociedade lisboeta nas d\u00e9cadas de 1920, 1930 e 1940 pelo seu esp\u00edrito livre e atitude inconformista.<\/span><\/p>\n<p><span style=\"font-weight: 400;\">J\u00e1 presente numa cole\u00e7\u00e3o anterior da Aldeco, em 2024, a sua personalidade surge reinterpretada em 2026 numa leitura mais ousada e contempor\u00e2nea. Veva II | A New Light\u00a0 explora refer\u00eancias simb\u00f3licas do mundo animal presentes no imagin\u00e1rio de Veva de Lima, como cisnes, borboletas ou leopardos.<\/span><\/p>\n<h2><span style=\"font-weight: 400;\">A Aldeco na INTERIHOTEL 2026<\/span><\/h2>\n<p><span style=\"font-weight: 400;\">Ao longo dos tr\u00eas dias da Interihotel 2026, os visitantes poder\u00e3o encontrar a Aldeco no stand D05, onde a marca apresentar\u00e1 o conceito e os tecidos da cole\u00e7\u00e3o VEVA II | A New Light.<\/span><\/p>\n<p><span style=\"font-weight: 400;\">O espa\u00e7o dar\u00e1 destaque \u00e0 aplica\u00e7\u00e3o dos materiais em projetos de arquitetura e design de interiores, promovendo o contacto direto com profissionais do setor da hotelaria.<\/span><\/p>\n<p>&nbsp;<\/p>\n<h3><span style=\"font-weight: 400;\">Informa\u00e7\u00f5es do evento<\/span><\/h3>\n<p><b>Evento:<\/b><span style=\"font-weight: 400;\">INTERIHOTEL 2026<\/span><\/p>\n<p><b>Datas:<\/b><span style=\"font-weight: 400;\"> 17 a 19 de novembro de 2026<\/span><\/p>\n<p><b>Hor\u00e1rio:<\/b><span style=\"font-weight: 400;\"> 10h00 \u00e0s 19h00<\/span><\/p>\n<p><b>Local:<\/b><span style=\"font-weight: 400;\"> IFEMA Madrid<\/span><\/p>\n<p><b>Stand Aldeco:<\/b><span style=\"font-weight: 400;\"> D05<\/span><\/p>\n<h2><span style=\"font-weight: 400;\">A estrat\u00e9gia de internacionaliza\u00e7\u00e3o da marca Aldeco<\/span><\/h2>\n<p><span style=\"font-weight: 400;\">Com distribui\u00e7\u00e3o em mais de 60 pa\u00edses, a Aldeco est\u00e1 presente em mercados internacionais de refer\u00eancia no setor da hospitalidade. A participa\u00e7\u00e3o na Interihotel integra a estrat\u00e9gia de internacionaliza\u00e7\u00e3o da Aldeco e refor\u00e7a a sua presen\u00e7a num mercado onde a marca mant\u00e9m uma posi\u00e7\u00e3o consolidada.\u00a0<\/span><\/p>\n<p>&nbsp;<\/p>\n","protected":false},"excerpt":{"rendered":"<p>VEVA II | A New Light em destaque na Interihotel<\/p>\n","protected":false},"author":3,"featured_media":228299,"template":"","class_list":["post-228301","press","type-press","status-publish","has-post-thumbnail","hentry","press_category-press-releases-pt-pt"],"acf":[],"_links":{"self":[{"href":"https:\/\/staging.aldeco.pt\/pt-pt\/wp-json\/wp\/v2\/press\/228301","targetHints":{"allow":["GET"]}}],"collection":[{"href":"https:\/\/staging.aldeco.pt\/pt-pt\/wp-json\/wp\/v2\/press"}],"about":[{"href":"https:\/\/staging.aldeco.pt\/pt-pt\/wp-json\/wp\/v2\/types\/press"}],"author":[{"embeddable":true,"href":"https:\/\/staging.aldeco.pt\/pt-pt\/wp-json\/wp\/v2\/users\/3"}],"wp:featuredmedia":[{"embeddable":true,"href":"https:\/\/staging.aldeco.pt\/pt-pt\/wp-json\/wp\/v2\/media\/228299"}],"wp:attachment":[{"href":"https:\/\/staging.aldeco.pt\/pt-pt\/wp-json\/wp\/v2\/media?parent=228301"}],"curies":[{"name":"wp","href":"https:\/\/api.w.org\/{rel}","templated":true}]}}