{"id":228274,"date":"2026-06-23T08:10:30","date_gmt":"2026-06-23T08:10:30","guid":{"rendered":"https:\/\/aldeco.pt\/press\/aldeco-x-mainguilty-no-grande-premio-de-f1-de-2026\/"},"modified":"2026-06-23T08:20:45","modified_gmt":"2026-06-23T08:20:45","slug":"aldeco-x-mainguilty-no-grande-premio-de-f1-de-2026","status":"publish","type":"press","link":"https:\/\/staging.aldeco.pt\/pt-pt\/press\/aldeco-x-mainguilty-no-grande-premio-de-f1-de-2026\/","title":{"rendered":"Aldeco x MainGUILTY no Grande Pr\u00e9mio de F1 de 2026"},"content":{"rendered":"<p>Em julho deste ano, a Aldeco ir\u00e1 juntar-se \u00e0 MainGUILTY no Circuito de Silverstone para o Grande Pr\u00e9mio da Gr\u00e3-Bretanha de F\u00f3rmula 1 de 2026. Os tecidos da Aldeco ser\u00e3o utilizados numa das pe\u00e7as emblem\u00e1ticas da MainGUILTY, que ser\u00e1 exibida na \u00e1rea VIP do circuito. <\/p>\n<p>Fundada em 2021, a MainGUILTY \u00e9 uma marca portuguesa de mobili\u00e1rio de luxo e design art\u00edstico, conhecida pelas suas pe\u00e7as esculturais de grande impacto. A marca ir\u00e1 apresentar uma cole\u00e7\u00e3o exclusiva na \u00e1rea de hospitalidade do The Vale, durante um dos eventos mais prestigiados do mundo. <\/p>\n<h2>Uma parceria impulsionada pela criatividade e pela excel\u00eancia<\/h2>\n<p>At Aldeco, we are driven by a passion for creativity, innovation, and refined design. These values naturally align with MainGUILTY, a Portuguese luxury furniture and art design brand that transforms furniture into sculptural works of art. <\/p>\n<p>Na Aldeco, somos movidos pela paix\u00e3o pela criatividade, pela inova\u00e7\u00e3o e pelo design requintado. Estes valores alinham-se naturalmente com a MainGUILTY, uma marca portuguesa de mobili\u00e1rio de luxo e design art\u00edstico que transforma o mobili\u00e1rio em obras de arte esculturais.<\/p>\n<p>Enquanto a marca se prepara para apresentar o seu trabalho no Grande Pr\u00e9mio da Gr\u00e3-Bretanha de F\u00f3rmula 1 de 2026, orgulhamo-nos de fazer parte deste projeto que celebra o saber-fazer e a excel\u00eancia portugueses num palco internacional. Juntas, a Aldeco e a MainGUILTY trazem uma vis\u00e3o contempor\u00e2nea do luxo a um dos ambientes mais exigentes e prestigiados do mundo.<\/p>\n<h2>Aldeco x Bubble Sofa<\/h2>\n<p>O Bubble Sofa \u00e9 uma das pe\u00e7as-chave da apresenta\u00e7\u00e3o da MainGUILTY no Circuito de Silverstone, por ocasi\u00e3o do Grande Pr\u00e9mio da Gr\u00e3-Bretanha de F\u00f3rmula 1 de 2026. A pe\u00e7a \u00e9 estofada com tecidos Aldeco, combinando uma forma escultural com a express\u00e3o do material. Selecionados pelo seu car\u00e1cter distintivo e desempenho, os tecidos refor\u00e7am a presen\u00e7a do Bubble Sofa num ambiente de hospitalidade de elevado tr\u00e1fego, mantendo simultaneamente a sua identidade visual. <\/p>\n<p>&nbsp;<\/p>\n<h5>Susana Dias, Aldeco Creative Director<\/h5>\n<p>Liderada por Susana Dias, diretora criativa da Aldeco, esta colabora\u00e7\u00e3o re\u00fane a experi\u00eancia da Aldeco no setor t\u00eaxtil com a abordagem de design escultural da MainGUILTY para o Grande Pr\u00e9mio da Gr\u00e3-Bretanha de F\u00f3rmula 1 de 2026. Susana Dias \u00e9 diretora criativa da Aldeco, sendo respons\u00e1vel pela dire\u00e7\u00e3o criativa da marca e pelo desenvolvimento cont\u00ednuo das suas cole\u00e7\u00f5es t\u00eaxteis. Desempenha um papel ativo na concretiza\u00e7\u00e3o de colabora\u00e7\u00f5es que integram os tecidos da Aldeco em contextos de design contempor\u00e2neo.  <\/p>\n","protected":false},"excerpt":{"rendered":"<p>Em julho deste ano, a Aldeco ir\u00e1 juntar-se \u00e0 MainGUILTY no Circuito de Silverstone para o Grande Pr\u00e9mio da Gr\u00e3-Bretanha de F\u00f3rmula 1 de 2026. Os tecidos da Aldeco ser\u00e3o utilizados numa das pe\u00e7as emblem\u00e1ticas da MainGUILTY, que ser\u00e1 exibida na \u00e1rea VIP do circuito. Fundada em 2021, a MainGUILTY \u00e9 uma marca portuguesa de [&hellip;]<\/p>\n","protected":false},"author":3,"featured_media":228272,"template":"","class_list":["post-228274","press","type-press","status-publish","has-post-thumbnail","hentry","press_category-press-releases-pt-pt"],"acf":[],"_links":{"self":[{"href":"https:\/\/staging.aldeco.pt\/pt-pt\/wp-json\/wp\/v2\/press\/228274","targetHints":{"allow":["GET"]}}],"collection":[{"href":"https:\/\/staging.aldeco.pt\/pt-pt\/wp-json\/wp\/v2\/press"}],"about":[{"href":"https:\/\/staging.aldeco.pt\/pt-pt\/wp-json\/wp\/v2\/types\/press"}],"author":[{"embeddable":true,"href":"https:\/\/staging.aldeco.pt\/pt-pt\/wp-json\/wp\/v2\/users\/3"}],"wp:featuredmedia":[{"embeddable":true,"href":"https:\/\/staging.aldeco.pt\/pt-pt\/wp-json\/wp\/v2\/media\/228272"}],"wp:attachment":[{"href":"https:\/\/staging.aldeco.pt\/pt-pt\/wp-json\/wp\/v2\/media?parent=228274"}],"curies":[{"name":"wp","href":"https:\/\/api.w.org\/{rel}","templated":true}]}}