{"id":227370,"date":"2026-05-22T10:41:26","date_gmt":"2026-05-22T10:41:26","guid":{"rendered":"https:\/\/aldeco.pt\/press\/homeing-2026-interior-design-and-home-living\/"},"modified":"2026-05-22T11:08:44","modified_gmt":"2026-05-22T11:08:44","slug":"homeing-2026-interior-design-and-home-living","status":"publish","type":"press","link":"https:\/\/staging.aldeco.pt\/pt-pt\/press\/homeing-2026-interior-design-and-home-living\/","title":{"rendered":"Homeing 2026 \u2013 INTERIOR DESIGN AND HOME LIVING"},"content":{"rendered":"<p><strong>Pavilh\u00e3o Carlos Lopes, Lisboa<\/strong><\/p>\n<p>Avenida Sid\u00f3nio Pais, 16, 1070-051 Lisboa, Portugal<\/p>\n<p>Evento profissional de design de interiores realizado no Pavilh\u00e3o Carlos Lopes, em Lisboa. Em 2026, o Homeing \u2013 Design de Interiores e Arte de Viver regressa ao centro de Lisboa.<\/p>\n<p>\u201cFeel balance\u201d \u00e9 o lema da pr\u00f3xima edi\u00e7\u00e3o da Homeing. Um convite a explorar o equil\u00edbrio entre est\u00e9tica, funcionalidade, materiais e bem-estar \u2013 valores que assumem um papel cada vez mais central nos projetos contempor\u00e2neos de arquitetura e design de interiores. <\/p>\n<p>&nbsp;<\/p>\n<p>A Aldeco vai estar l\u00e1! Estamos no stand 62. Venha visitar-nos \ud83d\udc4b  <\/p>\n<p>No Pavilh\u00e3o Carlos Lopes, vamos partilhar ideias e novos conceitos, num espa\u00e7o situado no cora\u00e7\u00e3o de Lisboa. Estamos \u00e0 vossa espera!<\/p>\n<p>&nbsp;<\/p>\n<p><span class=\"html-span xexx8yu xyri2b x18d9i69 x1c1uobl x1hl2dhg x16tdsg8 x1vvkbs x3nfvp2 x1j61x8r x1fcty0u xdj266r xat24cr xm2jcoa x1mpyi22 xxymvpz xlup9mm x1kky2od\"><img decoding=\"async\" class=\"xz74otr x15mokao x1ga7v0g x16uus16 xbiv7yw\" src=\"https:\/\/static.xx.fbcdn.net\/images\/emoji.php\/v9\/t7e\/1\/16\/1f4c5.png\" alt=\"\ud83d\udcc5\" width=\"16\" height=\"16\"><\/span>24\u201325 de setembro \u2013 das 10h00 \u00e0s 19h00<\/p>\n<p><span class=\"html-span xexx8yu xyri2b x18d9i69 x1c1uobl x1hl2dhg x16tdsg8 x1vvkbs x3nfvp2 x1j61x8r x1fcty0u xdj266r xat24cr xm2jcoa x1mpyi22 xxymvpz xlup9mm x1kky2od\"><img decoding=\"async\" class=\"xz74otr x15mokao x1ga7v0g x16uus16 xbiv7yw\" src=\"https:\/\/static.xx.fbcdn.net\/images\/emoji.php\/v9\/t7e\/1\/16\/1f4c5.png\" alt=\"\ud83d\udcc5\" width=\"16\" height=\"16\"> <\/span>26 de setembro \u2013 das 10h00 \u00e0s 18h00<\/p>\n<p>&nbsp;<\/p>\n<p>Aldeco Stand 62<br \/>\n Pavilh\u00e3o Carlos Lopes<\/p>\n","protected":false},"excerpt":{"rendered":"<p>Descobrir mais <\/p>\n","protected":false},"author":3,"featured_media":227362,"template":"","class_list":["post-227370","press","type-press","status-publish","has-post-thumbnail","hentry","press_category-press-releases-pt-pt"],"acf":[],"_links":{"self":[{"href":"https:\/\/staging.aldeco.pt\/pt-pt\/wp-json\/wp\/v2\/press\/227370","targetHints":{"allow":["GET"]}}],"collection":[{"href":"https:\/\/staging.aldeco.pt\/pt-pt\/wp-json\/wp\/v2\/press"}],"about":[{"href":"https:\/\/staging.aldeco.pt\/pt-pt\/wp-json\/wp\/v2\/types\/press"}],"author":[{"embeddable":true,"href":"https:\/\/staging.aldeco.pt\/pt-pt\/wp-json\/wp\/v2\/users\/3"}],"wp:featuredmedia":[{"embeddable":true,"href":"https:\/\/staging.aldeco.pt\/pt-pt\/wp-json\/wp\/v2\/media\/227362"}],"wp:attachment":[{"href":"https:\/\/staging.aldeco.pt\/pt-pt\/wp-json\/wp\/v2\/media?parent=227370"}],"curies":[{"name":"wp","href":"https:\/\/api.w.org\/{rel}","templated":true}]}}