{"id":225534,"date":"2026-02-24T17:00:31","date_gmt":"2026-02-24T17:00:31","guid":{"rendered":"https:\/\/aldeco.pt\/press\/deco-out-lisboa-2026\/"},"modified":"2026-03-11T15:14:48","modified_gmt":"2026-03-11T15:14:48","slug":"deco-out-lisboa-2026","status":"publish","type":"press","link":"https:\/\/staging.aldeco.pt\/pt-pt\/press\/deco-out-lisboa-2026\/","title":{"rendered":"DECO OUT LISBOA 2026"},"content":{"rendered":"<p><strong>Save the Date | Deco Out Lisbon 17\u201319 Mar\u00e7o<\/strong><\/p>\n<p>De 17 a 19 de mar\u00e7o, na Deco Out Lisboa, todos os caminhos levam ao nosso showroom.<\/p>\n<p>Visite-nos, descubra as novidades desta esta\u00e7\u00e3o e conhe\u00e7a a nossa nova cole\u00e7\u00e3o num ambiente acolhedor e inspirador.<\/p>\n<p>\ud83d\udccd Aldeco Showroom \u2014 Lisbon<br \/>\nRua Lu\u00eds de Cam\u00f5es, n\u00ba106-C, Alc\u00e2ntara<br \/>\n17\u201319 March<\/p>\n<p>No final do dia, teremos um momento especial com uma sess\u00e3o de DJ, criando um ambiente descontra\u00eddo para networking e partilha.<\/p>\n<p><img fetchpriority=\"high\" decoding=\"async\" class=\"aligncenter wp-image-225543 size-large\" src=\"https:\/\/aldeco.pt\/wp-content\/uploads\/2026\/02\/DECO-OUT-MAP-1024x577.jpg\" alt=\"\" width=\"1024\" height=\"577\"><\/p>\n<p>&nbsp;<\/p>\n<p>Para conveni\u00eancia dos visitantes, a <strong>DECO OUT Lisboa<\/strong> disponibiliza um servi\u00e7o de transporte entre os diferentes locais do evento. O servi\u00e7o estar\u00e1 dispon\u00edvel entre as <strong>10h00 e as 19h00 <\/strong>nos dias do evento. <\/p>\n<p>O percurso come\u00e7a no parque de estacionamento do Est\u00e1dio Belenenses e os shuttles s\u00e3o facilmente identific\u00e1veis.<\/p>\n<p>O servi\u00e7o de transporte \u00e9 gratis e decorre com a frequ\u00eancia de 15 a 20 minutos.<\/p>\n<p>&nbsp;<\/p>\n","protected":false},"excerpt":{"rendered":"<p>Junte-se a n\u00f3s na Deco Out Lisboa 2026<\/p>\n","protected":false},"author":3,"featured_media":225532,"template":"","class_list":["post-225534","press","type-press","status-publish","has-post-thumbnail","hentry","press_category-press-releases-pt-pt"],"acf":[],"_links":{"self":[{"href":"https:\/\/staging.aldeco.pt\/pt-pt\/wp-json\/wp\/v2\/press\/225534","targetHints":{"allow":["GET"]}}],"collection":[{"href":"https:\/\/staging.aldeco.pt\/pt-pt\/wp-json\/wp\/v2\/press"}],"about":[{"href":"https:\/\/staging.aldeco.pt\/pt-pt\/wp-json\/wp\/v2\/types\/press"}],"author":[{"embeddable":true,"href":"https:\/\/staging.aldeco.pt\/pt-pt\/wp-json\/wp\/v2\/users\/3"}],"wp:featuredmedia":[{"embeddable":true,"href":"https:\/\/staging.aldeco.pt\/pt-pt\/wp-json\/wp\/v2\/media\/225532"}],"wp:attachment":[{"href":"https:\/\/staging.aldeco.pt\/pt-pt\/wp-json\/wp\/v2\/media?parent=225534"}],"curies":[{"name":"wp","href":"https:\/\/api.w.org\/{rel}","templated":true}]}}