{"id":228305,"date":"2026-07-02T10:32:21","date_gmt":"2026-07-02T10:32:21","guid":{"rendered":"https:\/\/aldeco.pt\/press\/aldeco-presenta-la-coleccion-veva-ii-en-interihotel-2026\/"},"modified":"2026-07-02T10:32:21","modified_gmt":"2026-07-02T10:32:21","slug":"aldeco-presenta-la-coleccion-veva-ii-en-interihotel-2026","status":"publish","type":"press","link":"https:\/\/staging.aldeco.pt\/es\/press\/aldeco-presenta-la-coleccion-veva-ii-en-interihotel-2026\/","title":{"rendered":"Aldeco presenta la colecci\u00f3n VEVA II en INTERIHOTEL 2026"},"content":{"rendered":"<p><span style=\"font-weight: 400;\">VEVA II | A New Light, la colecci\u00f3n m\u00e1s reciente de Aldeco, ser\u00e1 la protagonista de Interihotel 2026, que se celebrar\u00e1 del 17 al 19 de noviembre en IFEMA Madrid. La participaci\u00f3n de la marca permitir\u00e1 dar a conocer la colecci\u00f3n a arquitectos, dise\u00f1adores de interiores y diferentes profesionales del sector hotelero. <\/span><\/p>\n<h2><span style=\"font-weight: 400;\">VEVA II | A New Light<\/span><\/h2>\n<p>VEVA II | A New Light, la colecci\u00f3n m\u00e1s reciente de Aldeco, ser\u00e1 la protagonista de Interihotel 2026, que se celebrar\u00e1 del 17 al 19 de noviembre en IFEMA Madrid. La participaci\u00f3n de la marca permitir\u00e1 dar a conocer la colecci\u00f3n a arquitectos, dise\u00f1adores de interiores y diferentes profesionales del sector hotelero.<\/p>\n<p><span style=\"font-weight: 400;\">Ya presente en una colecci\u00f3n anterior de Aldeco, en 2024, su personalidad se reinterpreta en 2026 con un enfoque m\u00e1s atrevido y contempor\u00e1neo. Veva II | A New Light explora referencias simb\u00f3licas del mundo animal presentes en el imaginario de Veva de Lima, como cisnes, mariposas o leopardos. <\/span><\/p>\n<h2><span style=\"font-weight: 400;\">Aldeco en INTERIHOTEL 2026<br \/><\/span><\/h2>\n<p><span style=\"font-weight: 400;\">Durante los tres d\u00edas que durar\u00e1 la feria Interihotel 2026, los visitantes podr\u00e1n encontrar a Aldeco en el stand D05, donde la marca presentar\u00e1 el concepto y los tejidos de la colecci\u00f3n VEVA II | A New Light.<\/p>\n<p><\/span><\/p>\n<p><span style=\"font-weight: 400;\">El espacio pondr\u00e1 de relieve la aplicaci\u00f3n de los materiales en proyectos de arquitectura y dise\u00f1o de interiores, fomentando el contacto directo con profesionales del sector hotelero.<\/span><\/p>\n<p>&nbsp;<\/p>\n<h3><span style=\"font-weight: 400;\">Informaci\u00f3n sobre el evento<\/span><\/h3>\n<p><b>Evento:<\/b><span style=\"font-weight: 400;\">INTERIHOTEL 2026<\/span><\/p>\n<p>Fechas: del 17 al 19 de noviembre de 2026<\/p>\n<p>Horario: de las 10:00 a las 19:00<\/p>\n<p>Lugar: IFEMA, Madrid<\/p>\n<p><b>Stand Aldeco:<\/b><span style=\"font-weight: 400;\"> D05<\/span><\/p>\n<h2><span style=\"font-weight: 400;\">La estrategia de internacionalizaci\u00f3n de la marca Aldeco<\/p>\n<p><\/span><\/h2>\n<p><span style=\"font-weight: 400;\">Con distribuci\u00f3n en m\u00e1s de 60 pa\u00edses, Aldeco est\u00e1 presente en mercados internacionales de referencia del sector hotelero. La participaci\u00f3n en Interihotel forma parte de la estrategia de internacionalizaci\u00f3n de Aldeco y refuerza su presencia en un mercado en el que la marca mantiene una posici\u00f3n consolidada.<\/p>\n<p>  <\/span><\/p>\n<p>&nbsp;<\/p>\n","protected":false},"excerpt":{"rendered":"<p>VEVA II | A New Light em destaque na Interihotel<\/p>\n","protected":false},"author":3,"featured_media":228300,"template":"","class_list":["post-228305","press","type-press","status-publish","has-post-thumbnail","hentry","press_category-press-releases-es"],"acf":[],"_links":{"self":[{"href":"https:\/\/staging.aldeco.pt\/es\/wp-json\/wp\/v2\/press\/228305","targetHints":{"allow":["GET"]}}],"collection":[{"href":"https:\/\/staging.aldeco.pt\/es\/wp-json\/wp\/v2\/press"}],"about":[{"href":"https:\/\/staging.aldeco.pt\/es\/wp-json\/wp\/v2\/types\/press"}],"author":[{"embeddable":true,"href":"https:\/\/staging.aldeco.pt\/es\/wp-json\/wp\/v2\/users\/3"}],"wp:featuredmedia":[{"embeddable":true,"href":"https:\/\/staging.aldeco.pt\/es\/wp-json\/wp\/v2\/media\/228300"}],"wp:attachment":[{"href":"https:\/\/staging.aldeco.pt\/es\/wp-json\/wp\/v2\/media?parent=228305"}],"curies":[{"name":"wp","href":"https:\/\/api.w.org\/{rel}","templated":true}]}}