{"id":228275,"date":"2026-06-23T08:10:30","date_gmt":"2026-06-23T08:10:30","guid":{"rendered":"https:\/\/aldeco.pt\/press\/aldeco-x-mainguilty-at-the-f1-british-grand-prix-2026\/"},"modified":"2026-06-23T08:21:30","modified_gmt":"2026-06-23T08:21:30","slug":"aldeco-x-mainguilty-at-the-f1-british-grand-prix-2026","status":"publish","type":"press","link":"https:\/\/staging.aldeco.pt\/es\/press\/aldeco-x-mainguilty-at-the-f1-british-grand-prix-2026\/","title":{"rendered":"Aldeco x MainGUILTY at the F1 British Grand Prix 2026"},"content":{"rendered":"<p>Este mes de julio, Aldeco se unir\u00e1 a MainGUILTY en el circuito de Silverstone con motivo del Gran Premio de F\u00f3rmula 1 de Gran Breta\u00f1a de 2026. Los tejidos de Aldeco se utilizar\u00e1n en una de las piezas m\u00e1s destacadas de MainGUILTY, que se exhibir\u00e1 en la zona VIP del circuito. <\/p>\n<p>Fundada en 2021, MainGUILTY es una marca portuguesa de mobiliario de lujo y dise\u00f1o art\u00edstico conocida por sus piezas esculturales de gran impacto visual. La marca presentar\u00e1 una colecci\u00f3n exclusiva en la zona de recepci\u00f3n de The Vale durante uno de los eventos m\u00e1s prestigiosos del mundo. <\/p>\n<h2>Una colaboraci\u00f3n impulsada por la creatividad y la excelencia<\/h2>\n<p>En Aldeco, nos mueve la pasi\u00f3n por la creatividad, la innovaci\u00f3n y el dise\u00f1o refinado. Estos valores encajan a la perfecci\u00f3n con MainGUILTY, una marca portuguesa de mobiliario de lujo y dise\u00f1o art\u00edstico que transforma los muebles en obras de arte escult\u00f3ricas. <\/p>\n<p>Conocida por su audaz visi\u00f3n creativa y su identidad art\u00edstica distintiva, MainGUILTY desaf\u00eda los l\u00edmites entre el arte y el dise\u00f1o, creando piezas emblem\u00e1ticas que combinan artesan\u00eda, innovaci\u00f3n y emoci\u00f3n.<\/p>\n<p>Ahora que la marca se prepara para presentar su trabajo en el Gran Premio de Gran Breta\u00f1a de F\u00f3rmula 1 de 2026, nos enorgullece formar parte de este proyecto que rinde homenaje al saber hacer y la excelencia portugueses en un escenario internacional. Juntas, Aldeco y MainGUILTY aportan una visi\u00f3n contempor\u00e1nea del lujo a uno de los entornos m\u00e1s exigentes y prestigiosos del mundo.<\/p>\n<h2>Aldeco x Bubble Sofa<\/h2>\n<p>El sof\u00e1 Bubble es una de las piezas clave de la presentaci\u00f3n de MainGUILTY en el circuito de Silverstone con motivo del Gran Premio de Gran Breta\u00f1a de F\u00f3rmula 1 de 2026. La pieza est\u00e1 tapizada con tejidos de Aldeco, que combinan una forma escultural con la expresi\u00f3n del material. Seleccionados por su car\u00e1cter distintivo y sus prestaciones, estos tejidos refuerzan la presencia del sof\u00e1 Bubble en un entorno de hospitalidad con gran afluencia de p\u00fablico, al tiempo que mantienen su identidad visual. <\/p>\n<p>&nbsp;<\/p>\n<h5>Susana Dias, Aldeco Creative Director<\/h5>\n<p>Bajo la direcci\u00f3n de Susana Dias, directora creativa de Aldeco, esta colaboraci\u00f3n a\u00fana la experiencia de Aldeco en el sector textil con el enfoque de dise\u00f1o escultural de MainGUILTY para el Gran Premio de F\u00f3rmula 1 de Gran Breta\u00f1a de 2026. Susana Dias es directora creativa de Aldeco, donde se encarga de la direcci\u00f3n creativa de la marca y del desarrollo continuo de sus colecciones textiles. Desempe\u00f1a un papel activo en la creaci\u00f3n de colaboraciones que incorporan los tejidos de Aldeco a contextos de dise\u00f1o contempor\u00e1neo.  <\/p>\n","protected":false},"excerpt":{"rendered":"<p>Este mes de julio, Aldeco se unir\u00e1 a MainGUILTY en el circuito de Silverstone con motivo del Gran Premio de F\u00f3rmula 1 de Gran Breta\u00f1a de 2026. Los tejidos de Aldeco se utilizar\u00e1n en una de las piezas m\u00e1s destacadas de MainGUILTY, que se exhibir\u00e1 en la zona VIP del circuito. Fundada en 2021, MainGUILTY [&hellip;]<\/p>\n","protected":false},"author":3,"featured_media":228273,"template":"","class_list":["post-228275","press","type-press","status-publish","has-post-thumbnail","hentry","press_category-press-releases-es"],"acf":[],"_links":{"self":[{"href":"https:\/\/staging.aldeco.pt\/es\/wp-json\/wp\/v2\/press\/228275","targetHints":{"allow":["GET"]}}],"collection":[{"href":"https:\/\/staging.aldeco.pt\/es\/wp-json\/wp\/v2\/press"}],"about":[{"href":"https:\/\/staging.aldeco.pt\/es\/wp-json\/wp\/v2\/types\/press"}],"author":[{"embeddable":true,"href":"https:\/\/staging.aldeco.pt\/es\/wp-json\/wp\/v2\/users\/3"}],"wp:featuredmedia":[{"embeddable":true,"href":"https:\/\/staging.aldeco.pt\/es\/wp-json\/wp\/v2\/media\/228273"}],"wp:attachment":[{"href":"https:\/\/staging.aldeco.pt\/es\/wp-json\/wp\/v2\/media?parent=228275"}],"curies":[{"name":"wp","href":"https:\/\/api.w.org\/{rel}","templated":true}]}}