{"id":227369,"date":"2026-05-22T10:41:26","date_gmt":"2026-05-22T10:41:26","guid":{"rendered":"https:\/\/aldeco.pt\/press\/homeing-2026-interior-design-and-home-living\/"},"modified":"2026-05-22T11:09:37","modified_gmt":"2026-05-22T11:09:37","slug":"homeing-2026-interior-design-and-home-living","status":"publish","type":"press","link":"https:\/\/staging.aldeco.pt\/es\/press\/homeing-2026-interior-design-and-home-living\/","title":{"rendered":"Homeing 2026 \u2013 INTERIOR DESIGN AND HOME LIVING"},"content":{"rendered":"<p><strong>Pabell\u00f3n Carlos Lopes, Lisboa<\/strong><\/p>\n<p>Avenida Sid\u00f3nio Pais, 16, 1070-051 Lisboa, Portugal<\/p>\n<p>Evento profesional de dise\u00f1o de interiores celebrado en el Pabell\u00f3n Carlos Lopes, en Lisboa. En 2026, Homeing \u2013 Dise\u00f1o de interiores y estilo de vida vuelve al centro de Lisboa.<\/p>\n<p>\u201cFeel balance\u201d es el lema de la pr\u00f3xima edici\u00f3n de Homeing. Una invitaci\u00f3n a explorar el equilibrio entre la est\u00e9tica, la funcionalidad, los materiales y el bienestar, valores que cobran cada vez m\u00e1s importancia en los proyectos actuales de arquitectura y dise\u00f1o de interiores. <\/p>\n<p>&nbsp;<\/p>\n<p>\u00a1Aldeco estar\u00e1 all\u00ed! Nos encontrar\u00e1s en el stand 62. \u00a1P\u00e1sate a vernos! \ud83d\udc4b  <\/p>\n<p>En el Pabell\u00f3n Carlos Lopes compartiremos ideas y nuevos conceptos en un espacio situado cerca del centro de Lisboa. \u00a1Te esperamos!<\/p>\n<p>&nbsp;<\/p>\n<p><span class=\"html-span xexx8yu xyri2b x18d9i69 x1c1uobl x1hl2dhg x16tdsg8 x1vvkbs x3nfvp2 x1j61x8r x1fcty0u xdj266r xat24cr xm2jcoa x1mpyi22 xxymvpz xlup9mm x1kky2od\"><img decoding=\"async\" class=\"xz74otr x15mokao x1ga7v0g x16uus16 xbiv7yw\" src=\"https:\/\/static.xx.fbcdn.net\/images\/emoji.php\/v9\/t7e\/1\/16\/1f4c5.png\" alt=\"\ud83d\udcc5\" width=\"16\" height=\"16\"><\/span>24 y 25 de septiembre \u2013 de 10:00 a 19:00<\/p>\n<p><span class=\"html-span xexx8yu xyri2b x18d9i69 x1c1uobl x1hl2dhg x16tdsg8 x1vvkbs x3nfvp2 x1j61x8r x1fcty0u xdj266r xat24cr xm2jcoa x1mpyi22 xxymvpz xlup9mm x1kky2od\"><img decoding=\"async\" class=\"xz74otr x15mokao x1ga7v0g x16uus16 xbiv7yw\" src=\"https:\/\/static.xx.fbcdn.net\/images\/emoji.php\/v9\/t7e\/1\/16\/1f4c5.png\" alt=\"\ud83d\udcc5\" width=\"16\" height=\"16\"> <\/span>26 de septiembre \u2013 de 10:00 a 18:00<\/p>\n<p>&nbsp;<\/p>\n<p><span class=\"html-span xexx8yu xyri2b x18d9i69 x1c1uobl x1hl2dhg x16tdsg8 x1vvkbs x3nfvp2 x1j61x8r x1fcty0u xdj266r xat24cr xm2jcoa x1mpyi22 xxymvpz xlup9mm x1kky2od\">Aldeco Stand 62<br \/>\n<\/span> Pavilh\u00e3o Carlos Lopes<\/p>\n","protected":false},"excerpt":{"rendered":"<p>Descubre m\u00e1s <\/p>\n","protected":false},"author":3,"featured_media":227363,"template":"","class_list":["post-227369","press","type-press","status-publish","has-post-thumbnail","hentry","press_category-press-releases-es"],"acf":[],"_links":{"self":[{"href":"https:\/\/staging.aldeco.pt\/es\/wp-json\/wp\/v2\/press\/227369","targetHints":{"allow":["GET"]}}],"collection":[{"href":"https:\/\/staging.aldeco.pt\/es\/wp-json\/wp\/v2\/press"}],"about":[{"href":"https:\/\/staging.aldeco.pt\/es\/wp-json\/wp\/v2\/types\/press"}],"author":[{"embeddable":true,"href":"https:\/\/staging.aldeco.pt\/es\/wp-json\/wp\/v2\/users\/3"}],"wp:featuredmedia":[{"embeddable":true,"href":"https:\/\/staging.aldeco.pt\/es\/wp-json\/wp\/v2\/media\/227363"}],"wp:attachment":[{"href":"https:\/\/staging.aldeco.pt\/es\/wp-json\/wp\/v2\/media?parent=227369"}],"curies":[{"name":"wp","href":"https:\/\/api.w.org\/{rel}","templated":true}]}}